{"id":4461,"date":"2025-12-02T22:23:28","date_gmt":"2025-12-02T22:23:28","guid":{"rendered":"https:\/\/laforchetta.com.br\/restaurante\/?p=4461"},"modified":"2025-12-02T22:42:47","modified_gmt":"2025-12-02T22:42:47","slug":"trajetoria-de-sucesso","status":"publish","type":"post","link":"https:\/\/laforchetta.com.br\/restaurante\/trajetoria-de-sucesso\/","title":{"rendered":"Trajet\u00f3ria de sucesso"},"content":{"rendered":"\t\t<div data-elementor-type=\"wp-post\" data-elementor-id=\"4461\" class=\"elementor elementor-4461\" data-elementor-settings=\"[]\">\n\t\t\t\t\t\t<div class=\"elementor-inner\">\n\t\t\t\t\t\t\t<div class=\"elementor-section-wrap\">\n\t\t\t\t\t\t\t<section class=\"elementor-section elementor-top-section elementor-element elementor-element-72c0d6c8 elementor-section-height-min-height elementor-section-boxed elementor-section-height-default elementor-section-items-middle\" data-id=\"72c0d6c8\" data-element_type=\"section\" data-settings=\"{&quot;background_background&quot;:&quot;classic&quot;}\">\n\t\t\t\t\t\t\t<div class=\"elementor-background-overlay\"><\/div>\n\t\t\t\t\t\t\t<div class=\"elementor-container elementor-column-gap-default\">\n\t\t\t\t\t\t\t<div class=\"elementor-row\">\n\t\t\t\t\t<div class=\"elementor-column elementor-col-100 elementor-top-column elementor-element elementor-element-5d7091\" data-id=\"5d7091\" data-element_type=\"column\">\n\t\t\t<div class=\"elementor-column-wrap elementor-element-populated\">\n\t\t\t\t\t\t\t<div class=\"elementor-widget-wrap\">\n\t\t\t\t\t\t<div class=\"elementor-element elementor-element-3ceafd95 elementor-hidden-desktop elementor-widget elementor-widget-heading\" data-id=\"3ceafd95\" data-element_type=\"widget\" data-widget_type=\"heading.default\">\n\t\t\t\t<div class=\"elementor-widget-container\">\n\t\t\t<h2 class=\"elementor-heading-title elementor-size-default\">Entradas Frias & Quentes<\/h2>\t\t<\/div>\n\t\t\t\t<\/div>\n\t\t\t\t\t\t<\/div>\n\t\t\t\t\t<\/div>\n\t\t<\/div>\n\t\t\t\t\t\t\t\t<\/div>\n\t\t\t\t\t<\/div>\n\t\t<\/section>\n\t\t\t\t<section class=\"elementor-section elementor-top-section elementor-element elementor-element-efa02a0 elementor-section-boxed elementor-section-height-default elementor-section-height-default\" data-id=\"efa02a0\" data-element_type=\"section\">\n\t\t\t\t\t\t<div class=\"elementor-container elementor-column-gap-default\">\n\t\t\t\t\t\t\t<div class=\"elementor-row\">\n\t\t\t\t\t<div class=\"elementor-column elementor-col-100 elementor-top-column elementor-element elementor-element-3e7c42b\" data-id=\"3e7c42b\" data-element_type=\"column\">\n\t\t\t<div class=\"elementor-column-wrap elementor-element-populated\">\n\t\t\t\t\t\t\t<div class=\"elementor-widget-wrap\">\n\t\t\t\t\t\t<div class=\"elementor-element elementor-element-612e2d6 elementor-widget elementor-widget-heading\" data-id=\"612e2d6\" data-element_type=\"widget\" data-widget_type=\"heading.default\">\n\t\t\t\t<div class=\"elementor-widget-container\">\n\t\t\t<h2 class=\"elementor-heading-title elementor-size-default\">Trajet\u00f3ria de sucesso<\/h2>\t\t<\/div>\n\t\t\t\t<\/div>\n\t\t\t\t<div class=\"elementor-element elementor-element-00b84cb elementor-widget elementor-widget-text-editor\" data-id=\"00b84cb\" data-element_type=\"widget\" data-widget_type=\"text-editor.default\">\n\t\t\t\t<div class=\"elementor-widget-container\">\n\t\t\t\t\t\t\t\t<div class=\"elementor-text-editor elementor-clearfix\">\n\t\t\t\t<p>Aldo Teixeira transformou o Forchetta D\u2019Oro, que completa 50 anos, em um \u00edcone da gastronomia paulistana, unindo tradi\u00e7\u00e3o italiana, inova\u00e7\u00e3o e vis\u00e3o empreendedora<\/p>\t\t\t\t\t<\/div>\n\t\t\t\t\t\t<\/div>\n\t\t\t\t<\/div>\n\t\t\t\t<div class=\"elementor-element elementor-element-7563fc2 elementor-widget elementor-widget-text-editor\" data-id=\"7563fc2\" data-element_type=\"widget\" data-widget_type=\"text-editor.default\">\n\t\t\t\t<div class=\"elementor-widget-container\">\n\t\t\t\t\t\t\t\t<div class=\"elementor-text-editor elementor-clearfix\">\n\t\t\t\t<p><b>Na cena da alta gastronomia paulistana, a trajet\u00f3ria de Aldo Teixeira<\/b>\u00a0\u00e9 daquelas que se confundem com a dos\u00a0<i>self made men<\/i>\u00a0que fizeram a hist\u00f3ria da cidade. O chef iniciou sua vida profissional como lavador de pratos no Forchetta D\u2019Oro, em S\u00e3o Paulo, ainda adolescente, e ali construiu uma carreira marcada por dedica\u00e7\u00e3o e perseveran\u00e7a. Ap\u00f3s 16 anos de trabalho, conseguiu realizar o sonho de adquirir o restaurante e, da\u00ed em diante, transformou-o em um patrim\u00f4nio gastron\u00f4mico.<\/p><p>Com esp\u00edrito inovador, foi pioneiro ao criar menus tem\u00e1ticos das quatro esta\u00e7\u00f5es, oferecer acompanhamento nutricional aos clientes e integrar o restaurante a um hotel, o Hotel Mercure, no bairro da Vila Ol\u00edmpia, com servi\u00e7os de\u00a0<i>room service<\/i>\u00a0e caf\u00e9 da manh\u00e3. Em determinado momento, chegou a administrar seis casas simultaneamente, sempre mantendo o compromisso com a tradi\u00e7\u00e3o da culin\u00e1ria italiana.<\/p><p>Hoje, \u00e0 frente do Forchetta D\u2019Oro \u2014 que celebra meio s\u00e9culo de hist\u00f3ria \u2014 e de outros empreendimentos, Aldo Teixeira se consolida como um dos grandes nomes da cozinha italiana no Brasil. Nesta conversa, revisitamos os desafios e conquistas que moldaram sua jornada e consagraram seu nome na gastronomia nacional.<\/p>\t\t\t\t\t<\/div>\n\t\t\t\t\t\t<\/div>\n\t\t\t\t<\/div>\n\t\t\t\t\t\t<\/div>\n\t\t\t\t\t<\/div>\n\t\t<\/div>\n\t\t\t\t\t\t\t\t<\/div>\n\t\t\t\t\t<\/div>\n\t\t<\/section>\n\t\t\t\t<section class=\"elementor-section elementor-top-section elementor-element elementor-element-fbf6ddd elementor-section-boxed elementor-section-height-default elementor-section-height-default\" data-id=\"fbf6ddd\" data-element_type=\"section\">\n\t\t\t\t\t\t<div class=\"elementor-container elementor-column-gap-default\">\n\t\t\t\t\t\t\t<div class=\"elementor-row\">\n\t\t\t\t\t<div class=\"elementor-column elementor-col-100 elementor-top-column elementor-element elementor-element-e1ca3ef\" data-id=\"e1ca3ef\" data-element_type=\"column\">\n\t\t\t<div class=\"elementor-column-wrap elementor-element-populated\">\n\t\t\t\t\t\t\t<div class=\"elementor-widget-wrap\">\n\t\t\t\t\t\t<div class=\"elementor-element elementor-element-74811ad elementor-widget elementor-widget-image\" data-id=\"74811ad\" data-element_type=\"widget\" data-widget_type=\"image.default\">\n\t\t\t\t<div class=\"elementor-widget-container\">\n\t\t\t\t\t\t\t\t<div class=\"elementor-image\">\n\t\t\t\t\t\t\t\t\t\t\t\t<img loading=\"lazy\" decoding=\"async\" width=\"1024\" height=\"683\" src=\"https:\/\/laforchetta.com.br\/restaurante\/wp-content\/uploads\/2025\/12\/www.thepresident.com_.br-a-trajetoria-de-sucesso-de-aldo-teixeira-no-forchetta-doro-forghetta-d-oro-115-1024x683-1.jpg\" class=\"attachment-large size-large\" alt=\"\" srcset=\"https:\/\/laforchetta.com.br\/restaurante\/wp-content\/uploads\/2025\/12\/www.thepresident.com_.br-a-trajetoria-de-sucesso-de-aldo-teixeira-no-forchetta-doro-forghetta-d-oro-115-1024x683-1.jpg 1024w, https:\/\/laforchetta.com.br\/restaurante\/wp-content\/uploads\/2025\/12\/www.thepresident.com_.br-a-trajetoria-de-sucesso-de-aldo-teixeira-no-forchetta-doro-forghetta-d-oro-115-1024x683-1-300x200.jpg 300w, https:\/\/laforchetta.com.br\/restaurante\/wp-content\/uploads\/2025\/12\/www.thepresident.com_.br-a-trajetoria-de-sucesso-de-aldo-teixeira-no-forchetta-doro-forghetta-d-oro-115-1024x683-1-768x512.jpg 768w, https:\/\/laforchetta.com.br\/restaurante\/wp-content\/uploads\/2025\/12\/www.thepresident.com_.br-a-trajetoria-de-sucesso-de-aldo-teixeira-no-forchetta-doro-forghetta-d-oro-115-1024x683-1-930x620.jpg 930w\" sizes=\"auto, (max-width: 1024px) 100vw, 1024px\" \/>\t\t\t\t\t\t\t\t\t\t\t\t\t\t<\/div>\n\t\t\t\t\t\t<\/div>\n\t\t\t\t<\/div>\n\t\t\t\t<div class=\"elementor-element elementor-element-74884bd elementor-widget elementor-widget-text-editor\" data-id=\"74884bd\" data-element_type=\"widget\" data-widget_type=\"text-editor.default\">\n\t\t\t\t<div class=\"elementor-widget-container\">\n\t\t\t\t\t\t\t\t<div class=\"elementor-text-editor elementor-clearfix\">\n\t\t\t\t<p><em>\u00c0 frente do Forchetta D\u2019Oro, Aldo Teixeira se consolidou como um dos grandes nomes da cozinha italiana no Brasil<\/em><\/p>\t\t\t\t\t<\/div>\n\t\t\t\t\t\t<\/div>\n\t\t\t\t<\/div>\n\t\t\t\t\t\t<\/div>\n\t\t\t\t\t<\/div>\n\t\t<\/div>\n\t\t\t\t\t\t\t\t<\/div>\n\t\t\t\t\t<\/div>\n\t\t<\/section>\n\t\t\t\t<section class=\"elementor-section elementor-top-section elementor-element elementor-element-67ae0a9 elementor-section-boxed elementor-section-height-default elementor-section-height-default\" data-id=\"67ae0a9\" data-element_type=\"section\">\n\t\t\t\t\t\t<div class=\"elementor-container elementor-column-gap-default\">\n\t\t\t\t\t\t\t<div class=\"elementor-row\">\n\t\t\t\t\t<div class=\"elementor-column elementor-col-100 elementor-top-column elementor-element elementor-element-9e235d1\" data-id=\"9e235d1\" data-element_type=\"column\">\n\t\t\t<div class=\"elementor-column-wrap elementor-element-populated\">\n\t\t\t\t\t\t\t<div class=\"elementor-widget-wrap\">\n\t\t\t\t\t\t<div class=\"elementor-element elementor-element-357b4b9 elementor-widget elementor-widget-text-editor\" data-id=\"357b4b9\" data-element_type=\"widget\" data-widget_type=\"text-editor.default\">\n\t\t\t\t<div class=\"elementor-widget-container\">\n\t\t\t\t\t\t\t\t<div class=\"elementor-text-editor elementor-clearfix\">\n\t\t\t\t<p><b>THE PRESIDENT _\u00a0<\/b><b>O Forchetta D\u2019Oro \u00e9 um cl\u00e1ssico de S\u00e3o Paulo e<\/b>\u00a0<b>est\u00e1 completando 50 anos. Como se deu a sua hist\u00f3ria e a da casa?<\/b><\/p><p><b><i>Aldo Teixeira<\/i><\/b>\u00a0\u2013 Morei no interior e, por um per\u00edodo, vivi com meus av\u00f3s maternos. L\u00e1 t\u00ednhamos muitas frutas e toda aquela cultura italiana. Minha av\u00f3 tinha uma parreira de uva Isabel e produzia vinho em casa, algo entre 10 e 15 litros, s\u00f3 para consumo da fam\u00edlia. Aos domingos, era comum ter frango, polenta, macarr\u00e3o, salada, porco cozido na lata\u2026 aquela fartura t\u00edpica. Eu achava fascinante, embora a cozinha fosse um territ\u00f3rio onde as crian\u00e7as n\u00e3o podiam entrar. Minha av\u00f3 e, depois, uma tia me incentivaram e deixaram aprender \u2014 desde matar e depenar o frango at\u00e9 cozinhar. Foi a\u00ed que comecei a pegar gosto.<\/p><p>Aos 17 anos, fui trabalhar em uma churrascaria de beira de estrada. No ano seguinte, decidi vir para S\u00e3o Paulo. Procurei emprego no Clube Piratininga, em 1975, um espa\u00e7o de carteado frequentado pela alta sociedade. Queria ser gar\u00e7om, mas, no teste, me deram um card\u00e1pio em franc\u00eas que n\u00e3o entendi. No fim, ofereceram-me a vaga de lavador de pratos. Aceitei, mesmo sem saber por quanto tempo ficaria nessa fun\u00e7\u00e3o. Mas, com interesse e dedica\u00e7\u00e3o, fui crescendo: ajudava o comprador, chegava mais cedo, me envolvia com o dia a dia. O dono, Toshio Furihata, percebeu meu esfor\u00e7o e me incentivou.<\/p><p><b>Como surgiu o Forchetta D\u2019Oro?<\/b><\/p><p><i><b>AT<\/b><\/i>\u00a0\u2013 O Toshio contratou um novo cozinheiro, que trouxe forte influ\u00eancia francesa e italiana. Esse chef aboliu as massas prontas e come\u00e7ou a produzir massas frescas dentro do clube. O Toshio ficou encantado e decidiu abrir um restaurante italiano. J\u00e1 tinha o restaurante franc\u00eas Village, que virou La Boh\u00e8me.\u00a0 A\u00ed encontrou um ponto na rua Haddock Lobo e, em 1976, nasceu o Forchetta D\u2019Oro. O Forchetta D\u2019Oro era em frente \u00e0 Cleusa Presentes, que deu lugar ao Figueira Rubaiyat. Entrei no Forchetta como caixa.<\/p><p><b>De que forma voc\u00ea comprou a casa?<\/b><\/p><p><i><b>AT<\/b><\/i>\u00a0\u2013 Em 1994, o fundador come\u00e7ou a vender alguns de seus restaurantes. Fiz uma proposta de pagar em parcelas, mesmo sem ter o dinheiro \u00e0 vista. Ele confiou em mim, e deu certo. Como j\u00e1 vinha aprendendo a cozinhar na pr\u00e1tica, passei a assumir tamb\u00e9m a cozinha. Contratei assessoria de imprensa, criei novidades e o restaurante cresceu rapidamente.<\/p><p><b>O senhor costuma dizer que s\u00f3 talento na cozinha n\u00e3o basta para manter um restaurante. Por qu\u00ea?<\/b><\/p><p><i><b>AT<\/b><\/i>\u00a0\u2013 Porque sem boa gest\u00e3o administrativa o neg\u00f3cio n\u00e3o se sustenta. \u00c9 preciso controlar compras, custos, validade de produtos e pre\u00e7o de venda. Caso contr\u00e1rio, o restaurante pode estar cheio e ainda assim dar preju\u00edzo.<\/p>\t\t\t\t\t<\/div>\n\t\t\t\t\t\t<\/div>\n\t\t\t\t<\/div>\n\t\t\t\t\t\t<\/div>\n\t\t\t\t\t<\/div>\n\t\t<\/div>\n\t\t\t\t\t\t\t\t<\/div>\n\t\t\t\t\t<\/div>\n\t\t<\/section>\n\t\t\t\t<section class=\"elementor-section elementor-top-section elementor-element elementor-element-437217d elementor-section-boxed elementor-section-height-default elementor-section-height-default\" data-id=\"437217d\" data-element_type=\"section\">\n\t\t\t\t\t\t<div class=\"elementor-container elementor-column-gap-default\">\n\t\t\t\t\t\t\t<div class=\"elementor-row\">\n\t\t\t\t\t<div class=\"elementor-column elementor-col-100 elementor-top-column elementor-element elementor-element-1ae406d\" data-id=\"1ae406d\" data-element_type=\"column\">\n\t\t\t<div class=\"elementor-column-wrap elementor-element-populated\">\n\t\t\t\t\t\t\t<div class=\"elementor-widget-wrap\">\n\t\t\t\t\t\t<div class=\"elementor-element elementor-element-e84e396 elementor-widget elementor-widget-image\" data-id=\"e84e396\" data-element_type=\"widget\" data-widget_type=\"image.default\">\n\t\t\t\t<div class=\"elementor-widget-container\">\n\t\t\t\t\t\t\t\t<div class=\"elementor-image\">\n\t\t\t\t\t\t\t\t\t\t\t\t<img loading=\"lazy\" decoding=\"async\" width=\"1024\" height=\"683\" src=\"https:\/\/laforchetta.com.br\/restaurante\/wp-content\/uploads\/2025\/12\/www.thepresident.com_.br-a-trajetoria-de-sucesso-de-aldo-teixeira-no-forchetta-doro-forghetta-d-oro-054-1024x683-2.jpg\" class=\"attachment-large size-large\" alt=\"\" srcset=\"https:\/\/laforchetta.com.br\/restaurante\/wp-content\/uploads\/2025\/12\/www.thepresident.com_.br-a-trajetoria-de-sucesso-de-aldo-teixeira-no-forchetta-doro-forghetta-d-oro-054-1024x683-2.jpg 1024w, https:\/\/laforchetta.com.br\/restaurante\/wp-content\/uploads\/2025\/12\/www.thepresident.com_.br-a-trajetoria-de-sucesso-de-aldo-teixeira-no-forchetta-doro-forghetta-d-oro-054-1024x683-2-300x200.jpg 300w, https:\/\/laforchetta.com.br\/restaurante\/wp-content\/uploads\/2025\/12\/www.thepresident.com_.br-a-trajetoria-de-sucesso-de-aldo-teixeira-no-forchetta-doro-forghetta-d-oro-054-1024x683-2-768x512.jpg 768w, https:\/\/laforchetta.com.br\/restaurante\/wp-content\/uploads\/2025\/12\/www.thepresident.com_.br-a-trajetoria-de-sucesso-de-aldo-teixeira-no-forchetta-doro-forghetta-d-oro-054-1024x683-2-930x620.jpg 930w\" sizes=\"auto, (max-width: 1024px) 100vw, 1024px\" \/>\t\t\t\t\t\t\t\t\t\t\t\t\t\t<\/div>\n\t\t\t\t\t\t<\/div>\n\t\t\t\t<\/div>\n\t\t\t\t<div class=\"elementor-element elementor-element-5e62514 elementor-widget elementor-widget-text-editor\" data-id=\"5e62514\" data-element_type=\"widget\" data-widget_type=\"text-editor.default\">\n\t\t\t\t<div class=\"elementor-widget-container\">\n\t\t\t\t\t\t\t\t<div class=\"elementor-text-editor elementor-clearfix\">\n\t\t\t\t<p><b><i>\u201cO essencial \u00e9 nunca ficar parado. Se o restaurante n\u00e3o inova, acaba perdendo a for\u00e7a\u201d.<\/i><\/b><\/p>\t\t\t\t\t<\/div>\n\t\t\t\t\t\t<\/div>\n\t\t\t\t<\/div>\n\t\t\t\t\t\t<\/div>\n\t\t\t\t\t<\/div>\n\t\t<\/div>\n\t\t\t\t\t\t\t\t<\/div>\n\t\t\t\t\t<\/div>\n\t\t<\/section>\n\t\t\t\t<section class=\"elementor-section elementor-top-section elementor-element elementor-element-e79d83f elementor-section-boxed elementor-section-height-default elementor-section-height-default\" data-id=\"e79d83f\" data-element_type=\"section\">\n\t\t\t\t\t\t<div class=\"elementor-container elementor-column-gap-default\">\n\t\t\t\t\t\t\t<div class=\"elementor-row\">\n\t\t\t\t\t<div class=\"elementor-column elementor-col-100 elementor-top-column elementor-element elementor-element-40ea53f\" data-id=\"40ea53f\" data-element_type=\"column\">\n\t\t\t<div class=\"elementor-column-wrap elementor-element-populated\">\n\t\t\t\t\t\t\t<div class=\"elementor-widget-wrap\">\n\t\t\t\t\t\t<div class=\"elementor-element elementor-element-2b3bb71 elementor-widget elementor-widget-text-editor\" data-id=\"2b3bb71\" data-element_type=\"widget\" data-widget_type=\"text-editor.default\">\n\t\t\t\t<div class=\"elementor-widget-container\">\n\t\t\t\t\t\t\t\t<div class=\"elementor-text-editor elementor-clearfix\">\n\t\t\t\t<p><b>Quando nasceu o La Terrina?<\/b><\/p><p><i><b>AT<\/b><\/i>\u00a0\u2013 Foi a \u00fanica marca que n\u00e3o criei do zero. O nome j\u00e1 existia em um hotel. O restaurante nasceu em 1994, quando um subgerente assumiu a concess\u00e3o de um espa\u00e7o no Paulista Park. Depois, entrei como s\u00f3cio e acrescentei o \u201cLa\u201d, refor\u00e7ando a identidade italiana. O La Terrina tornou-se uma casa mais moderna e descontra\u00edda.<\/p><p><b>Quantos restaurantes voc\u00ea j\u00e1 teve ao todo?<\/b><\/p><p><i><b>AT<\/b><\/i>\u00a0\u2013 Cheguei a ter seis simultaneamente: o Forchetta D\u2019Oro, La Terrina, IL Papavero, Fiori D\u2019Italia, Tuhu Restaurante e o Immensit\u00e0 voltado para eventos de at\u00e9 mil pessoas.<\/p><p><b>Sua cozinha \u00e9 sempre italiana ou teve outras influ\u00eancias?<\/b><\/p><p><i><b>AT<\/b><\/i>\u00a0\u2013 Principalmente italiana, mas tamb\u00e9m portuguesa, pela influ\u00eancia dos meus av\u00f3s. Sempre organizei festivais de bacalhau. Al\u00e9m disso, estudei um pouco da cozinha americana de New Orleans. Mas o essencial \u00e9 nunca ficar parado. Restaurantes que n\u00e3o inovam acabam perdendo for\u00e7a.<\/p><p><b>Voc\u00ea foi pioneiro em adotar menus que variam conforme a esta\u00e7\u00e3o, certo?<\/b><\/p><p><i><b>AT<\/b><\/i>\u00a0\u2013 Sim. Em 1994, logo que assumi o Forchetta, criei o card\u00e1pio da esta\u00e7\u00e3o. Era uma forma de inovar sem afastar os clientes fi\u00e9is. Cada prato recebia o nome de uma planta, o que trouxe criatividade, chamou aten\u00e7\u00e3o da m\u00eddia e consolidou ainda mais o restaurante.<\/p><p><b>Hoje, quantos pratos h\u00e1 no Forchetta D\u2019Oro?<\/b><\/p><p><i><b>AT<\/b><\/i>\u00a0\u2013 S\u00e3o 38, fora os menus sazonais. O card\u00e1pio \u00e9 extenso, mas bem planejado, para evitar desperd\u00edcios e aproveitar ao m\u00e1ximo cada ingrediente, sempre com foco em sustentabilidade.<\/p><p><b>Quais foram os maiores desafios nesses 50 anos?<\/b><\/p><p><i><b>AT<\/b><\/i>\u00a0\u2013 Vieram, principalmente, de fatores externos: instabilidade pol\u00edtica, planos econ\u00f4micos, confisco da poupan\u00e7a no governo Collor, crises fiscais. Mais recentemente, a pandemia. Mas sempre procurei encarar com otimismo e criar novas oportunidades.<\/p>\t\t\t\t\t<\/div>\n\t\t\t\t\t\t<\/div>\n\t\t\t\t<\/div>\n\t\t\t\t\t\t<\/div>\n\t\t\t\t\t<\/div>\n\t\t<\/div>\n\t\t\t\t\t\t\t\t<\/div>\n\t\t\t\t\t<\/div>\n\t\t<\/section>\n\t\t\t\t<section class=\"elementor-section elementor-top-section elementor-element elementor-element-10daccf elementor-section-boxed elementor-section-height-default elementor-section-height-default\" data-id=\"10daccf\" data-element_type=\"section\">\n\t\t\t\t\t\t<div class=\"elementor-container elementor-column-gap-default\">\n\t\t\t\t\t\t\t<div class=\"elementor-row\">\n\t\t\t\t\t<div class=\"elementor-column elementor-col-100 elementor-top-column elementor-element elementor-element-19a7d04\" data-id=\"19a7d04\" data-element_type=\"column\">\n\t\t\t<div class=\"elementor-column-wrap elementor-element-populated\">\n\t\t\t\t\t\t\t<div class=\"elementor-widget-wrap\">\n\t\t\t\t\t\t<div class=\"elementor-element elementor-element-97dccb3 elementor-widget elementor-widget-image\" data-id=\"97dccb3\" data-element_type=\"widget\" data-widget_type=\"image.default\">\n\t\t\t\t<div class=\"elementor-widget-container\">\n\t\t\t\t\t\t\t\t<div class=\"elementor-image\">\n\t\t\t\t\t\t\t\t\t\t\t\t<img loading=\"lazy\" decoding=\"async\" width=\"1024\" height=\"683\" src=\"https:\/\/laforchetta.com.br\/restaurante\/wp-content\/uploads\/2025\/12\/www.thepresident.com_.br-a-trajetoria-de-sucesso-de-aldo-teixeira-no-forchetta-doro-forghetta-d-oro-070-1024x683-1.jpg\" class=\"attachment-large size-large\" alt=\"\" srcset=\"https:\/\/laforchetta.com.br\/restaurante\/wp-content\/uploads\/2025\/12\/www.thepresident.com_.br-a-trajetoria-de-sucesso-de-aldo-teixeira-no-forchetta-doro-forghetta-d-oro-070-1024x683-1.jpg 1024w, https:\/\/laforchetta.com.br\/restaurante\/wp-content\/uploads\/2025\/12\/www.thepresident.com_.br-a-trajetoria-de-sucesso-de-aldo-teixeira-no-forchetta-doro-forghetta-d-oro-070-1024x683-1-300x200.jpg 300w, https:\/\/laforchetta.com.br\/restaurante\/wp-content\/uploads\/2025\/12\/www.thepresident.com_.br-a-trajetoria-de-sucesso-de-aldo-teixeira-no-forchetta-doro-forghetta-d-oro-070-1024x683-1-768x512.jpg 768w, https:\/\/laforchetta.com.br\/restaurante\/wp-content\/uploads\/2025\/12\/www.thepresident.com_.br-a-trajetoria-de-sucesso-de-aldo-teixeira-no-forchetta-doro-forghetta-d-oro-070-1024x683-1-930x620.jpg 930w\" sizes=\"auto, (max-width: 1024px) 100vw, 1024px\" \/>\t\t\t\t\t\t\t\t\t\t\t\t\t\t<\/div>\n\t\t\t\t\t\t<\/div>\n\t\t\t\t<\/div>\n\t\t\t\t\t\t<\/div>\n\t\t\t\t\t<\/div>\n\t\t<\/div>\n\t\t\t\t\t\t\t\t<\/div>\n\t\t\t\t\t<\/div>\n\t\t<\/section>\n\t\t\t\t<section class=\"elementor-section elementor-top-section elementor-element elementor-element-d7b6916 elementor-section-boxed elementor-section-height-default elementor-section-height-default\" data-id=\"d7b6916\" data-element_type=\"section\">\n\t\t\t\t\t\t<div class=\"elementor-container elementor-column-gap-default\">\n\t\t\t\t\t\t\t<div class=\"elementor-row\">\n\t\t\t\t\t<div class=\"elementor-column elementor-col-100 elementor-top-column elementor-element elementor-element-119e7c2\" data-id=\"119e7c2\" data-element_type=\"column\">\n\t\t\t<div class=\"elementor-column-wrap elementor-element-populated\">\n\t\t\t\t\t\t\t<div class=\"elementor-widget-wrap\">\n\t\t\t\t\t\t<div class=\"elementor-element elementor-element-150a07a elementor-widget elementor-widget-text-editor\" data-id=\"150a07a\" data-element_type=\"widget\" data-widget_type=\"text-editor.default\">\n\t\t\t\t<div class=\"elementor-widget-container\">\n\t\t\t\t\t\t\t\t<div class=\"elementor-text-editor elementor-clearfix\">\n\t\t\t\t<p><b>Voc\u00ea contou com apoio da fam\u00edlia nessa trajet\u00f3ria?<\/b><\/p><p><i><b>AT<\/b><\/i>\u00a0\u2013 Sim. Minhas filhas trabalham comigo \u2014 uma na parte administrativa e outra como nutricionista. Ali\u00e1s, fomos pioneiros em ter nutricionista em restaurante \u00e0 la carte. Isso trouxe muito aprendizado e adapta\u00e7\u00e3o \u00e0s novas tend\u00eancias de sa\u00fade e seguran\u00e7a alimentar.<\/p><p><b>O Forchetta D\u2019Oro fica dentro de uma unidade do Hotel Mercure. \u00c9 verdade que o grupo hoteleiro faz auditorias dentro das cozinhas?<\/b><\/p><p><i><b>AT<\/b><\/i>\u00a0\u2013 S\u00e3o auditorias-surpresa. Enquanto outros ficavam desesperados, n\u00f3s j\u00e1 est\u00e1vamos preparados. O hotel \u00e9 muito mais exigente do que a pr\u00f3pria Vigil\u00e2ncia Sanit\u00e1ria. O que a vigil\u00e2ncia vai pedir em quatro ou cinco anos, n\u00f3s j\u00e1 aplicamos hoje. Nossos dois restaurantes sempre tiram notas alt\u00edssimas \u2014 93,6; 94,5; 94,6; 94,8. O grupo franc\u00eas aceita no m\u00ednimo 75; abaixo disso, \u00e9 preciso reciclagem. Chegou a haver at\u00e9 uma disputa interna para ver qual restaurante tiraria a melhor nota.<\/p><p><b>E quanto ao p\u00fablico externo, como \u00e9 a avalia\u00e7\u00e3o?<\/b><\/p><p><i><b>AT<\/b><\/i>\u00a0\u2013 Tamb\u00e9m estamos entre os tr\u00eas melhores em qualidade, no ranking de clientes da regi\u00e3o. \u00c9 um desafio prazeroso.<\/p><p><b>O que mant\u00e9m esse diferencial?<\/b><\/p><p><i><b>AT<\/b><\/i>\u00a0\u2013 O fato de nunca pensar que somos apenas um restaurante de hotel. Quando um restaurante de hotel limita o card\u00e1pio, o h\u00f3spede enjoa e acaba pedindo indica\u00e7\u00f5es de outros lugares. N\u00f3s criamos uma experi\u00eancia diferenciada: o room service \u00e9 o maior da rede, com os mesmos pratos servidos no sal\u00e3o, mantendo a qualidade. Isso faz toda a diferen\u00e7a.<\/p><p><b>Tamb\u00e9m oferecem festivais gastron\u00f4micos?<\/b><\/p><p><i><b>AT<\/b><\/i>\u00a0\u2013 Sim. Eles convidam o cliente a conhecer o restaurante. Al\u00e9m disso, seguimos a tend\u00eancia de op\u00e7\u00f5es mais saud\u00e1veis: pratos com menos sal, sem gl\u00faten, sem lactose, mais org\u00e2nicos. Nosso menu tem descri\u00e7\u00f5es detalhadas, inclusive alertas sobre preparos que possam conter gl\u00faten. Esse cuidado \u00e9 essencial.<\/p><p><b>Al\u00e9m de trabalhar com restaurantes, voc\u00ea tamb\u00e9m lan\u00e7ou livros, n\u00e3o?<\/b><\/p><p><i><b>AT<\/b><\/i>\u00a0\u2013 Sim. Estou preparando o segundo agora. A ideia come\u00e7ou em 1998, com livrinhos de receitas vendidos em bancas \u2014 risotos, massas, carnes, crepes. Depois veio Cozinhando com Frutas, publicado pela DVS, que foi um sucesso, com v\u00e1rias tiragens. Agora quero lan\u00e7ar um livro para celebrar os 50 anos do Forchetta D\u2019Oro, resgatando receitas hist\u00f3ricas, cl\u00e1ssicos da casa e tamb\u00e9m tend\u00eancias futuras, como pratos sem gl\u00faten, sem lactose e com ingredientes org\u00e2nicos.\u00a0<\/p>\t\t\t\t\t<\/div>\n\t\t\t\t\t\t<\/div>\n\t\t\t\t<\/div>\n\t\t\t\t\t\t<\/div>\n\t\t\t\t\t<\/div>\n\t\t<\/div>\n\t\t\t\t\t\t\t\t<\/div>\n\t\t\t\t\t<\/div>\n\t\t<\/section>\n\t\t\t\t<section class=\"elementor-section elementor-top-section elementor-element elementor-element-0e89701 elementor-section-boxed elementor-section-height-default elementor-section-height-default\" data-id=\"0e89701\" data-element_type=\"section\">\n\t\t\t\t\t\t<div class=\"elementor-container elementor-column-gap-default\">\n\t\t\t\t\t\t\t<div class=\"elementor-row\">\n\t\t\t\t\t<div class=\"elementor-column elementor-col-100 elementor-top-column elementor-element elementor-element-3a89884\" data-id=\"3a89884\" data-element_type=\"column\">\n\t\t\t<div class=\"elementor-column-wrap elementor-element-populated\">\n\t\t\t\t\t\t\t<div class=\"elementor-widget-wrap\">\n\t\t\t\t\t\t<div class=\"elementor-element elementor-element-702bfe8 elementor-widget elementor-widget-image\" data-id=\"702bfe8\" data-element_type=\"widget\" data-widget_type=\"image.default\">\n\t\t\t\t<div class=\"elementor-widget-container\">\n\t\t\t\t\t\t\t\t<div class=\"elementor-image\">\n\t\t\t\t\t\t\t\t\t\t\t\t<img loading=\"lazy\" decoding=\"async\" width=\"683\" height=\"1024\" src=\"https:\/\/laforchetta.com.br\/restaurante\/wp-content\/uploads\/2025\/12\/www.thepresident.com_.br-a-trajetoria-de-sucesso-de-aldo-teixeira-no-forchetta-doro-forghetta-d-oro-140-683x1024.jpg\" class=\"attachment-large size-large\" alt=\"\" srcset=\"https:\/\/laforchetta.com.br\/restaurante\/wp-content\/uploads\/2025\/12\/www.thepresident.com_.br-a-trajetoria-de-sucesso-de-aldo-teixeira-no-forchetta-doro-forghetta-d-oro-140-683x1024.jpg 683w, https:\/\/laforchetta.com.br\/restaurante\/wp-content\/uploads\/2025\/12\/www.thepresident.com_.br-a-trajetoria-de-sucesso-de-aldo-teixeira-no-forchetta-doro-forghetta-d-oro-140-200x300.jpg 200w, https:\/\/laforchetta.com.br\/restaurante\/wp-content\/uploads\/2025\/12\/www.thepresident.com_.br-a-trajetoria-de-sucesso-de-aldo-teixeira-no-forchetta-doro-forghetta-d-oro-140-768x1152.jpg 768w, https:\/\/laforchetta.com.br\/restaurante\/wp-content\/uploads\/2025\/12\/www.thepresident.com_.br-a-trajetoria-de-sucesso-de-aldo-teixeira-no-forchetta-doro-forghetta-d-oro-140.jpg 800w\" sizes=\"auto, (max-width: 683px) 100vw, 683px\" \/>\t\t\t\t\t\t\t\t\t\t\t\t\t\t<\/div>\n\t\t\t\t\t\t<\/div>\n\t\t\t\t<\/div>\n\t\t\t\t<div class=\"elementor-element elementor-element-46fe915 elementor-widget elementor-widget-text-editor\" data-id=\"46fe915\" data-element_type=\"widget\" data-widget_type=\"text-editor.default\">\n\t\t\t\t<div class=\"elementor-widget-container\">\n\t\t\t\t\t\t\t\t<div class=\"elementor-text-editor elementor-clearfix\">\n\t\t\t\t<p>Aldo junto das filhas Liliana (\u00e0 esquerda) e La\u00eds<\/p>\t\t\t\t\t<\/div>\n\t\t\t\t\t\t<\/div>\n\t\t\t\t<\/div>\n\t\t\t\t\t\t<\/div>\n\t\t\t\t\t<\/div>\n\t\t<\/div>\n\t\t\t\t\t\t\t\t<\/div>\n\t\t\t\t\t<\/div>\n\t\t<\/section>\n\t\t\t\t<section class=\"elementor-section elementor-top-section elementor-element elementor-element-9a19df4 elementor-section-boxed elementor-section-height-default elementor-section-height-default\" data-id=\"9a19df4\" data-element_type=\"section\">\n\t\t\t\t\t\t<div class=\"elementor-container elementor-column-gap-default\">\n\t\t\t\t\t\t\t<div class=\"elementor-row\">\n\t\t\t\t\t<div class=\"elementor-column elementor-col-100 elementor-top-column elementor-element elementor-element-c395e03\" data-id=\"c395e03\" data-element_type=\"column\">\n\t\t\t<div class=\"elementor-column-wrap elementor-element-populated\">\n\t\t\t\t\t\t\t<div class=\"elementor-widget-wrap\">\n\t\t\t\t\t\t<div class=\"elementor-element elementor-element-9761639 elementor-widget elementor-widget-text-editor\" data-id=\"9761639\" data-element_type=\"widget\" data-widget_type=\"text-editor.default\">\n\t\t\t\t<div class=\"elementor-widget-container\">\n\t\t\t\t\t\t\t\t<div class=\"elementor-text-editor elementor-clearfix\">\n\t\t\t\t<p><b>Quais pratos cl\u00e1ssicos marcaram esses 50 anos?<\/b><\/p><p><i><b>AT<\/b><\/i>\u00a0\u2013 Temos dois exclusivos. Um \u00e9 o Casonsei (Cachunchelli) prato t\u00edpico da regi\u00e3o de Bergamo, adaptado ao paladar brasileiro. Outro \u00e9 o Ch\u00e2teau Tobruk, inspirado em um epis\u00f3dio da Segunda Guerra, transformado em um fil\u00e9 alto cozido em panela de ferro, que se tornou cl\u00e1ssico da casa. Tamb\u00e9m h\u00e1 pratos que v\u00e3o e voltam, como o Ravioli Maestro Tibiri\u00e7\u00e1, criado para um maestro que foi cliente ass\u00edduo, e o Spaghetti \u00e0 Carbonara, que resgatamos sem creme de leite, como na receita original.<\/p><p><b>Quais s\u00e3o os planos futuros?<\/b><\/p><p><i><b>AT<\/b><\/i>\u00a0\u2013 Estou tentando convencer minha filha e meu genro, que moram em Torino, no Piemonte, a abrirem um restaurante por l\u00e1. Seria uma forma de fechar o ciclo da fam\u00edlia, j\u00e1 que meus av\u00f3s vieram da It\u00e1lia. A ideia \u00e9 unir pratos brasileiros e italianos, com uma proposta diferenciada.<\/p><p><b>Na sua vis\u00e3o, como est\u00e1 o mercado de restaurantes na It\u00e1lia?<\/b><\/p><p><i><b>AT<\/b><\/i>\u00a0\u2013 Os custos s\u00e3o mais baixos, equipamentos mais acess\u00edveis e os impostos menores. \u00c9 poss\u00edvel comer em restaurantes estrelados Michelin por 30 euros, algo impens\u00e1vel aqui.<\/p><p><b>Quais s\u00e3o os pr\u00f3ximos eventos do restaurante?<\/b><\/p><p><i><b>AT<\/b><\/i>\u00a0\u2013 Estamos lan\u00e7ando o Menu da Primavera, depois vir\u00e1 o de Ver\u00e3o. Em seguida, come\u00e7aremos a preparar a ceia de Natal e menus para datas especiais como Dia dos Namorados, Dia dos Pais e Dia das M\u00e3es. Sempre renovamos card\u00e1pios e sobremesas para manter a inova\u00e7\u00e3o constante.<\/p>\t\t\t\t\t<\/div>\n\t\t\t\t\t\t<\/div>\n\t\t\t\t<\/div>\n\t\t\t\t\t\t<\/div>\n\t\t\t\t\t<\/div>\n\t\t<\/div>\n\t\t\t\t\t\t\t\t<\/div>\n\t\t\t\t\t<\/div>\n\t\t<\/section>\n\t\t\t\t<section class=\"elementor-section elementor-top-section elementor-element elementor-element-36a94ac elementor-section-boxed elementor-section-height-default elementor-section-height-default\" data-id=\"36a94ac\" data-element_type=\"section\">\n\t\t\t\t\t\t<div class=\"elementor-container elementor-column-gap-default\">\n\t\t\t\t\t\t\t<div class=\"elementor-row\">\n\t\t\t\t\t<div class=\"elementor-column elementor-col-100 elementor-top-column elementor-element elementor-element-5a8caff\" data-id=\"5a8caff\" data-element_type=\"column\">\n\t\t\t<div class=\"elementor-column-wrap elementor-element-populated\">\n\t\t\t\t\t\t\t<div class=\"elementor-widget-wrap\">\n\t\t\t\t\t\t<div class=\"elementor-element elementor-element-78517e2 elementor-widget elementor-widget-text-editor\" data-id=\"78517e2\" data-element_type=\"widget\" data-widget_type=\"text-editor.default\">\n\t\t\t\t<div class=\"elementor-widget-container\">\n\t\t\t\t\t\t\t\t<div class=\"elementor-text-editor elementor-clearfix\">\n\t\t\t\t<p>Artigo publicado: thepresident.com.br<\/p><p>Por<b>\u00a0Ney Ayres<\/b><\/p><p><b>Fotos\u00a0<\/b><b>Germano L\u00fcders<\/b><b>\u00a0<\/b><\/p>\t\t\t\t\t<\/div>\n\t\t\t\t\t\t<\/div>\n\t\t\t\t<\/div>\n\t\t\t\t\t\t<\/div>\n\t\t\t\t\t<\/div>\n\t\t<\/div>\n\t\t\t\t\t\t\t\t<\/div>\n\t\t\t\t\t<\/div>\n\t\t<\/section>\n\t\t\t\t\t\t<\/div>\n\t\t\t\t\t\t<\/div>\n\t\t\t\t\t<\/div>\n\t\t","protected":false},"excerpt":{"rendered":"<p>Entradas Frias &#038; Quentes Trajet\u00f3ria de sucesso Aldo Teixeira transformou o Forchetta D\u2019Oro, que completa 50 anos, em um \u00edcone da gastronomia paulistana, unindo tradi\u00e7\u00e3o italiana, inova\u00e7\u00e3o e vis\u00e3o empreendedora Na cena da alta gastronomia paulistana, a trajet\u00f3ria de Aldo Teixeira\u00a0\u00e9 daquelas que se confundem com a dos\u00a0self made men\u00a0que fizeram a hist\u00f3ria da cidade.&hellip;&nbsp;<a href=\"https:\/\/laforchetta.com.br\/restaurante\/trajetoria-de-sucesso\/\" class=\"\" rel=\"bookmark\">Continue a ler &raquo;<span class=\"screen-reader-text\">Trajet\u00f3ria de sucesso<\/span><\/a><\/p>\n","protected":false},"author":1,"featured_media":4463,"comment_status":"closed","ping_status":"open","sticky":false,"template":"elementor_header_footer","format":"standard","meta":{"neve_meta_sidebar":"","neve_meta_container":"","neve_meta_enable_content_width":"","neve_meta_content_width":0,"neve_meta_title_alignment":"","neve_meta_author_avatar":"","neve_post_elements_order":"","neve_meta_disable_header":"","neve_meta_disable_footer":"","neve_meta_disable_title":"","_themeisle_gutenberg_block_has_review":false,"footnotes":""},"categories":[80],"tags":[],"class_list":["post-4461","post","type-post","status-publish","format-standard","has-post-thumbnail","hentry","category-blog"],"_links":{"self":[{"href":"https:\/\/laforchetta.com.br\/restaurante\/wp-json\/wp\/v2\/posts\/4461","targetHints":{"allow":["GET"]}}],"collection":[{"href":"https:\/\/laforchetta.com.br\/restaurante\/wp-json\/wp\/v2\/posts"}],"about":[{"href":"https:\/\/laforchetta.com.br\/restaurante\/wp-json\/wp\/v2\/types\/post"}],"author":[{"embeddable":true,"href":"https:\/\/laforchetta.com.br\/restaurante\/wp-json\/wp\/v2\/users\/1"}],"replies":[{"embeddable":true,"href":"https:\/\/laforchetta.com.br\/restaurante\/wp-json\/wp\/v2\/comments?post=4461"}],"version-history":[{"count":4,"href":"https:\/\/laforchetta.com.br\/restaurante\/wp-json\/wp\/v2\/posts\/4461\/revisions"}],"predecessor-version":[{"id":4472,"href":"https:\/\/laforchetta.com.br\/restaurante\/wp-json\/wp\/v2\/posts\/4461\/revisions\/4472"}],"wp:featuredmedia":[{"embeddable":true,"href":"https:\/\/laforchetta.com.br\/restaurante\/wp-json\/wp\/v2\/media\/4463"}],"wp:attachment":[{"href":"https:\/\/laforchetta.com.br\/restaurante\/wp-json\/wp\/v2\/media?parent=4461"}],"wp:term":[{"taxonomy":"category","embeddable":true,"href":"https:\/\/laforchetta.com.br\/restaurante\/wp-json\/wp\/v2\/categories?post=4461"},{"taxonomy":"post_tag","embeddable":true,"href":"https:\/\/laforchetta.com.br\/restaurante\/wp-json\/wp\/v2\/tags?post=4461"}],"curies":[{"name":"wp","href":"https:\/\/api.w.org\/{rel}","templated":true}]}}